{"id":149,"date":"2023-08-05T10:24:29","date_gmt":"2023-08-05T15:24:29","guid":{"rendered":"https:\/\/somospatrimonio.org\/?p=149"},"modified":"2023-10-05T07:26:02","modified_gmt":"2023-10-05T12:26:02","slug":"la-historia-de-santa-cruz-de-lorica-desde-otra-perspectiva","status":"publish","type":"post","link":"https:\/\/somospatrimonio.org\/?p=149","title":{"rendered":"La historia de Santa Cruz de Lorica desde otra perspectiva"},"content":{"rendered":"<p>A trav\u00e9s de una serie de cortos documentales los invitamos a conocer, comprender y difundir la riqueza cultural y patrimonial de Santa Cruz de Lorica. En este video se muestra parte del pasado de Santa Cruz de Lorica y el papel que tuvo en de la historia del Caribe colombiano. Tambi\u00e9n se presentan algunos aspectos relevantes desde la mirada del maestro en Bellas artes y Ceramista loriquero <em>Adriano R\u00edos<\/em>, quien nos habla del fulgor de Lorica como centro econ\u00f3mico y despensa agr\u00edcola durante el dominio espa\u00f1ol, su prosperidad en el siglo XIX, as\u00ed como su debacle a partir de la creaci\u00f3n del departamento de C\u00f3rdoba y el abandono del transporte por el r\u00edo Sin\u00fa.<\/p>\n<p><iframe loading=\"lazy\" title=\"Santa Cruz de Lorica, Ciudad Antigua Se\u00f1orial\" width=\"750\" height=\"422\" src=\"https:\/\/www.youtube.com\/embed\/gH6HjlbAtiQ?feature=oembed\" frameborder=\"0\" allow=\"accelerometer; autoplay; clipboard-write; encrypted-media; gyroscope; picture-in-picture; web-share\" allowfullscreen><\/iframe><\/p>\n<p>Se destaca la forma en que renace la \u201cLorica fenixia\u201d a que se refiere el historiador Alexis Jattin y como se incluyeron diversos estilos arquitect\u00f3nicos en la reconstrucci\u00f3n de la ciudad luego de diversos desastres naturales.<\/p>\n<p>Con este mini documental se busca dar otra mirada de la riqueza arquitect\u00f3nica de Santa Cruz de Lorica, pues es nuestro deber como ciudadanos conocer el legado cultural y patrimonial que tiene nuestra ciudad antigua y se\u00f1orial.<\/p>\n<blockquote><p>Si quieres seguir viendo m\u00e1s contenido como \u00e9ste, visita nuestra p\u00e1gina <strong>www.somospatrimonio.org<\/strong><\/p><\/blockquote>\n<p>&nbsp;<\/p>\n<p><strong>Agradecimientos:<\/strong><\/p>\n<p>Adriano R\u00edos Sossa &#8211; Maestro en Bellas Artes<\/p>\n<p>Alexis Jattin Torralvo &#8211; Investigador<\/p>\n","protected":false},"excerpt":{"rendered":"<p>A trav\u00e9s de una serie de cortos documentales los invitamos a conocer, comprender y difundir la riqueza cultural y patrimonial de Santa Cruz de Lorica. En este video se muestra parte del pasado de Santa Cruz de Lorica y el papel que tuvo en de la historia del Caribe colombiano. [&hellip;]<\/p>\n","protected":false},"author":1,"featured_media":151,"comment_status":"open","ping_status":"open","sticky":false,"template":"","format":"standard","meta":{"om_disable_all_campaigns":false,"footnotes":""},"categories":[1],"tags":[11,7,10,9,8],"class_list":["post-149","post","type-post","status-publish","format-standard","has-post-thumbnail","hentry","category-publicaciones","tag-cultural","tag-lorica","tag-patrimonio","tag-patrimonio-cultural","tag-santa-cruz-de-lorica"],"_links":{"self":[{"href":"https:\/\/somospatrimonio.org\/index.php?rest_route=\/wp\/v2\/posts\/149","targetHints":{"allow":["GET"]}}],"collection":[{"href":"https:\/\/somospatrimonio.org\/index.php?rest_route=\/wp\/v2\/posts"}],"about":[{"href":"https:\/\/somospatrimonio.org\/index.php?rest_route=\/wp\/v2\/types\/post"}],"author":[{"embeddable":true,"href":"https:\/\/somospatrimonio.org\/index.php?rest_route=\/wp\/v2\/users\/1"}],"replies":[{"embeddable":true,"href":"https:\/\/somospatrimonio.org\/index.php?rest_route=%2Fwp%2Fv2%2Fcomments&post=149"}],"version-history":[{"count":6,"href":"https:\/\/somospatrimonio.org\/index.php?rest_route=\/wp\/v2\/posts\/149\/revisions"}],"predecessor-version":[{"id":234,"href":"https:\/\/somospatrimonio.org\/index.php?rest_route=\/wp\/v2\/posts\/149\/revisions\/234"}],"wp:featuredmedia":[{"embeddable":true,"href":"https:\/\/somospatrimonio.org\/index.php?rest_route=\/wp\/v2\/media\/151"}],"wp:attachment":[{"href":"https:\/\/somospatrimonio.org\/index.php?rest_route=%2Fwp%2Fv2%2Fmedia&parent=149"}],"wp:term":[{"taxonomy":"category","embeddable":true,"href":"https:\/\/somospatrimonio.org\/index.php?rest_route=%2Fwp%2Fv2%2Fcategories&post=149"},{"taxonomy":"post_tag","embeddable":true,"href":"https:\/\/somospatrimonio.org\/index.php?rest_route=%2Fwp%2Fv2%2Ftags&post=149"}],"curies":[{"name":"wp","href":"https:\/\/api.w.org\/{rel}","templated":true}]}}