{"id":16,"date":"2023-06-12T10:07:59","date_gmt":"2023-06-12T15:07:59","guid":{"rendered":"https:\/\/somospatrimonio.org\/?p=16"},"modified":"2023-08-05T11:31:39","modified_gmt":"2023-08-05T16:31:39","slug":"mercado","status":"publish","type":"post","link":"https:\/\/somospatrimonio.org\/?p=16","title":{"rendered":"Mercado p\u00fablico \u201cEl Ranch\u00f3n\u201d"},"content":{"rendered":"\r\n<p align=\"justify\">El Ranch\u00f3n donde se ubica el mercado p\u00fablico de Santa Cruz de Lorica es una edificaci\u00f3n cuya reconstrucci\u00f3n data de 1929. De acuerdo con algunos autores sus or\u00edgenes, se remontan probablemente a 1899. En aquel tiempo fue un amplio rancho de paja, de ah\u00ed su nombre, y por estar ubicado a la orilla del R\u00edo Sin\u00fa, por donde entraba el mundo a Lorica, se constituy\u00f3 en importante centro de comercio de todo el Bajo Sin\u00fa y verdadero coraz\u00f3n del puerto fluvial de Lorica. Se cree que fue dise\u00f1ado por el sacerdote L\u00e1cides Ceferino Bersal y construido por inmigrantes sirio libaneses.<\/p>\r\n\r\n\r\n\r\n<blockquote class=\"wp-block-quote is-layout-flow wp-block-quote-is-layout-flow\">\r\n<p>En 1996 el Mercado p\u00fablico \u201cEl Ranch\u00f3n\u201d fue declarado Monumento nacional inmueble por el Ministerio de Educaci\u00f3n Nacional a trav\u00e9s del decreto 17-56 del 26 de septiembre de 1996.<\/p>\r\n<\/blockquote>\r\n\r\n<div id=\"attachment_141\" style=\"width: 760px\" class=\"wp-caption aligncenter\"><img loading=\"lazy\" decoding=\"async\" aria-describedby=\"caption-attachment-141\" src=\"http:\/\/somospatrimonio.org\/wp-content\/uploads\/2023\/06\/234A7299-1024x683.jpg\" alt=\"\" width=\"750\" height=\"500\" class=\"wp-image-141 size-large\" srcset=\"https:\/\/somospatrimonio.org\/wp-content\/uploads\/2023\/06\/234A7299-1024x683.jpg 1024w, https:\/\/somospatrimonio.org\/wp-content\/uploads\/2023\/06\/234A7299-300x200.jpg 300w, https:\/\/somospatrimonio.org\/wp-content\/uploads\/2023\/06\/234A7299-768x512.jpg 768w, https:\/\/somospatrimonio.org\/wp-content\/uploads\/2023\/06\/234A7299-1536x1024.jpg 1536w, https:\/\/somospatrimonio.org\/wp-content\/uploads\/2023\/06\/234A7299-2048x1365.jpg 2048w, https:\/\/somospatrimonio.org\/wp-content\/uploads\/2023\/06\/234A7299-360x240.jpg 360w\" sizes=\"auto, (max-width: 750px) 100vw, 750px\" \/><p id=\"caption-attachment-141\" class=\"wp-caption-text\">Mercado p\u00fablico &#8220;El ranch\u00f3n&#8221;. Foto: Jaime Correa Narv\u00e1ez<\/p><\/div>\r\n\r\n<p align=\"justify\">El Ranch\u00f3n, es una de las construcciones m\u00e1s importantes de Santa Cruz de Lorica, se encuentra ubicado a la orilla derecha del rio Sin\u00fa. Su importancia radica no solo como puerto de embarque, puerta de entrada de muchos extranjeros y de elementos que fueron construyendo la identidad de la regi\u00f3n, sino tambi\u00e9n por su belleza arquitect\u00f3nica. Tiene una composici\u00f3n inigualable en su estructura, sobre su piso ajedrezado, de color amarillo mostaza y rojo oscuro, se alzan las columnas que sostienen los arcos ar\u00e1bigos, cada columna est\u00e1 adornada con frisos que enmarcan la llegada de los arcos, sobre cuales se erigen las barandas compuestas por filigrana de cemento.<\/p>\r\n<p><strong>Referencias<\/strong><\/p>\r\n<p>R\u00edos, A., Puche,L., Mart\u00ednez, P. (2007). Santa Cruz de Lorica. Siglo XX. Historia visual, Alcald\u00eda de Santa Cruz de Lorica.<\/p>\r\n<p>MinCultura. (2010). Plan Especial de Manejo y Protecci\u00f3n del Centro Hist\u00f3rico de Santa Cruz de Lorica, C\u00f3rdoba\u201d. Consultor\u00eda Ana Mar\u00eda Rojas.<\/p>\r\n","protected":false},"excerpt":{"rendered":"<p>El Ranch\u00f3n donde se ubica el mercado p\u00fablico de Santa Cruz de Lorica es una edificaci\u00f3n cuya reconstrucci\u00f3n data de 1929. De acuerdo con algunos autores sus or\u00edgenes, se remontan probablemente a 1899. En aquel tiempo fue un amplio rancho de paja, de ah\u00ed su nombre, y por estar ubicado [&hellip;]<\/p>\n","protected":false},"author":1,"featured_media":142,"comment_status":"open","ping_status":"open","sticky":false,"template":"","format":"standard","meta":{"om_disable_all_campaigns":false,"footnotes":""},"categories":[1],"tags":[],"class_list":["post-16","post","type-post","status-publish","format-standard","has-post-thumbnail","hentry","category-publicaciones"],"_links":{"self":[{"href":"https:\/\/somospatrimonio.org\/index.php?rest_route=\/wp\/v2\/posts\/16","targetHints":{"allow":["GET"]}}],"collection":[{"href":"https:\/\/somospatrimonio.org\/index.php?rest_route=\/wp\/v2\/posts"}],"about":[{"href":"https:\/\/somospatrimonio.org\/index.php?rest_route=\/wp\/v2\/types\/post"}],"author":[{"embeddable":true,"href":"https:\/\/somospatrimonio.org\/index.php?rest_route=\/wp\/v2\/users\/1"}],"replies":[{"embeddable":true,"href":"https:\/\/somospatrimonio.org\/index.php?rest_route=%2Fwp%2Fv2%2Fcomments&post=16"}],"version-history":[{"count":9,"href":"https:\/\/somospatrimonio.org\/index.php?rest_route=\/wp\/v2\/posts\/16\/revisions"}],"predecessor-version":[{"id":245,"href":"https:\/\/somospatrimonio.org\/index.php?rest_route=\/wp\/v2\/posts\/16\/revisions\/245"}],"wp:featuredmedia":[{"embeddable":true,"href":"https:\/\/somospatrimonio.org\/index.php?rest_route=\/wp\/v2\/media\/142"}],"wp:attachment":[{"href":"https:\/\/somospatrimonio.org\/index.php?rest_route=%2Fwp%2Fv2%2Fmedia&parent=16"}],"wp:term":[{"taxonomy":"category","embeddable":true,"href":"https:\/\/somospatrimonio.org\/index.php?rest_route=%2Fwp%2Fv2%2Fcategories&post=16"},{"taxonomy":"post_tag","embeddable":true,"href":"https:\/\/somospatrimonio.org\/index.php?rest_route=%2Fwp%2Fv2%2Ftags&post=16"}],"curies":[{"name":"wp","href":"https:\/\/api.w.org\/{rel}","templated":true}]}}