{"id":17,"date":"2023-06-12T10:07:59","date_gmt":"2023-06-12T15:07:59","guid":{"rendered":"https:\/\/somospatrimonio.org\/?p=17"},"modified":"2023-08-05T11:19:46","modified_gmt":"2023-08-05T16:19:46","slug":"mzo","status":"publish","type":"post","link":"https:\/\/somospatrimonio.org\/?p=17","title":{"rendered":"Manuel Zapata Olivella"},"content":{"rendered":"\r\n<h3 class=\"wp-block-heading title\">El camino por la di\u00e1spora negra.<\/h3>\r\n\r\n\r\n\r\n<p align=\"justify\">M\u00e9dico, antrop\u00f3logo, folclorista, investigador y escritor colombiano nacido en el municipio de Santa Cruz de Lorica, C\u00f3rdoba, en 1920; y quien falleci\u00f3 en el a\u00f1o 2004 en Bogot\u00e1, a la edad de 84 a\u00f1os. Fue uno de los afrocolombianos m\u00e1s destacados del siglo XX.<br \/>El tema central de su narrativa es la historia y la cultura de los habitantes del Caribe, negros e ind\u00edgenas; cada obra literaria suya es inspirada en la realidad de la cultura caribe\u00f1a y un reflejo de la lucha de sus pueblos.<\/p>\r\n\r\n\r\n\r\n<p align=\"justify\">Zapata Olivella fue el primer escritor de novela que exalt\u00f3 lo que significa ser la afrocolombianidad en un pa\u00eds pluri\u00e9tnico y pluricultural como Colombia. Por medio de sus escritos se puede conocer el pa\u00eds y los aportes de los pueblos y las etnias que lo conforman.<\/p>\r\n\r\n\r\n\r\n<blockquote class=\"wp-block-quote is-layout-flow wp-block-quote-is-layout-flow\">\r\n<p>Desde muy joven y junto a su hermana, Delia Zapata, trabaj\u00f3 por divulgar y preservar la cultura afrocolombiana, llev\u00e1ndola por todo el mundo.<\/p>\r\n<\/blockquote>\r\n\r\n\r\n\r\n<p align=\"justify\"><img loading=\"lazy\" decoding=\"async\" src=\"http:\/\/somospatrimonio.org\/wp-content\/uploads\/2023\/06\/IMG_0416-1024x768.jpg\" alt=\"Mural en Homenaje a Manuel Zapata Olivella\" width=\"750\" height=\"563\" class=\"aligncenter wp-image-114 size-large\" srcset=\"https:\/\/somospatrimonio.org\/wp-content\/uploads\/2023\/06\/IMG_0416-1024x768.jpg 1024w, https:\/\/somospatrimonio.org\/wp-content\/uploads\/2023\/06\/IMG_0416-300x225.jpg 300w, https:\/\/somospatrimonio.org\/wp-content\/uploads\/2023\/06\/IMG_0416-768x576.jpg 768w, https:\/\/somospatrimonio.org\/wp-content\/uploads\/2023\/06\/IMG_0416-1536x1152.jpg 1536w, https:\/\/somospatrimonio.org\/wp-content\/uploads\/2023\/06\/IMG_0416-2048x1536.jpg 2048w\" sizes=\"auto, (max-width: 750px) 100vw, 750px\" \/>Tambi\u00e9n abord\u00f3 la trietnicidad (negros, indios, blancos) y su aporte a la cultura colombiana, revindicando adem\u00e1s el mundo de los africanos en el nuevo continente. En este proceso logra recuperar y visibilizar la cultura de la comunidad afro.<\/p>\r\n\r\n\r\n\r\n<p>&nbsp;<\/p>\r\n","protected":false},"excerpt":{"rendered":"<p>El camino por la di\u00e1spora negra. M\u00e9dico, antrop\u00f3logo, folclorista, investigador y escritor colombiano nacido en el municipio de Santa Cruz de Lorica, C\u00f3rdoba, en 1920; y quien falleci\u00f3 en el a\u00f1o 2004 en Bogot\u00e1, a la edad de 84 a\u00f1os. Fue uno de los afrocolombianos m\u00e1s destacados del siglo XX.El [&hellip;]<\/p>\n","protected":false},"author":1,"featured_media":242,"comment_status":"open","ping_status":"open","sticky":false,"template":"","format":"standard","meta":{"om_disable_all_campaigns":false,"footnotes":""},"categories":[1],"tags":[],"class_list":["post-17","post","type-post","status-publish","format-standard","has-post-thumbnail","hentry","category-publicaciones"],"_links":{"self":[{"href":"https:\/\/somospatrimonio.org\/index.php?rest_route=\/wp\/v2\/posts\/17","targetHints":{"allow":["GET"]}}],"collection":[{"href":"https:\/\/somospatrimonio.org\/index.php?rest_route=\/wp\/v2\/posts"}],"about":[{"href":"https:\/\/somospatrimonio.org\/index.php?rest_route=\/wp\/v2\/types\/post"}],"author":[{"embeddable":true,"href":"https:\/\/somospatrimonio.org\/index.php?rest_route=\/wp\/v2\/users\/1"}],"replies":[{"embeddable":true,"href":"https:\/\/somospatrimonio.org\/index.php?rest_route=%2Fwp%2Fv2%2Fcomments&post=17"}],"version-history":[{"count":4,"href":"https:\/\/somospatrimonio.org\/index.php?rest_route=\/wp\/v2\/posts\/17\/revisions"}],"predecessor-version":[{"id":243,"href":"https:\/\/somospatrimonio.org\/index.php?rest_route=\/wp\/v2\/posts\/17\/revisions\/243"}],"wp:featuredmedia":[{"embeddable":true,"href":"https:\/\/somospatrimonio.org\/index.php?rest_route=\/wp\/v2\/media\/242"}],"wp:attachment":[{"href":"https:\/\/somospatrimonio.org\/index.php?rest_route=%2Fwp%2Fv2%2Fmedia&parent=17"}],"wp:term":[{"taxonomy":"category","embeddable":true,"href":"https:\/\/somospatrimonio.org\/index.php?rest_route=%2Fwp%2Fv2%2Fcategories&post=17"},{"taxonomy":"post_tag","embeddable":true,"href":"https:\/\/somospatrimonio.org\/index.php?rest_route=%2Fwp%2Fv2%2Ftags&post=17"}],"curies":[{"name":"wp","href":"https:\/\/api.w.org\/{rel}","templated":true}]}}