{"id":20,"date":"2023-06-12T10:07:59","date_gmt":"2023-06-12T15:07:59","guid":{"rendered":"https:\/\/somospatrimonio.org\/?p=20"},"modified":"2023-08-16T21:00:43","modified_gmt":"2023-08-17T02:00:43","slug":"santa-cruz-de-lorica","status":"publish","type":"post","link":"https:\/\/somospatrimonio.org\/?p=20","title":{"rendered":"Santa Cruz de Lorica, un destino por descubrir"},"content":{"rendered":"\r\n<p><strong>Descubre la riqueza cultural y arquitect\u00f3nica de este encantador destino<\/strong><\/p>\r\n\r\n\r\n\r\n<p align=\"justify\">El municipio de Santa Cruz de Lorica est\u00e1 ubicado al norte del departamento de C\u00f3rdoba, en la zona del bajo Sin\u00fa a menos de 20 kil\u00f3metros de las playas del mar caribe en San Antero y a 60 kil\u00f3metros de la capital, Monter\u00eda; es muy conocido a nivel nacional simplemente como Lorica, la \u201cCiudad Antigua y Se\u00f1orial\u201d, o la \u201cCapital del Bajo Sin\u00fa\u201d. La historia documentada plantea que el primer asentamiento poblacional fue trasladado el 3 de mayo de 1740 por Antonio de la Torre y Miranda desde la isla de Gaita hasta un sitio m\u00e1s alto en la zona inundable de la Ci\u00e9naga Grande que era una isla gobernada por el cacique Orica, del cual se derivar\u00eda posiblemente el nombre actual del municipio.<\/p>\r\n\r\n<blockquote class=\"wp-block-quote\">\r\n<p>Santa Cruz de Lorica es muy conocido a nivel nacional simplemente como Lorica, la \u201cCiudad Antigua y Se\u00f1orial\u201d, o la \u201cCapital del Bajo Sin\u00fa\u201d<\/p>\r\n<!-- \/wp:paragraph --><\/blockquote>\r\n<!-- \/wp:quote -->\r\n<div id=\"attachment_134\" style=\"width: 760px\" class=\"wp-caption aligncenter\"><img loading=\"lazy\" decoding=\"async\" aria-describedby=\"caption-attachment-134\" src=\"http:\/\/somospatrimonio.org\/wp-content\/uploads\/2023\/06\/234A7165-1024x685.jpg\" alt=\"\" width=\"750\" height=\"502\" class=\"wp-image-134 size-large\" srcset=\"https:\/\/somospatrimonio.org\/wp-content\/uploads\/2023\/06\/234A7165-1024x685.jpg 1024w, https:\/\/somospatrimonio.org\/wp-content\/uploads\/2023\/06\/234A7165-300x201.jpg 300w, https:\/\/somospatrimonio.org\/wp-content\/uploads\/2023\/06\/234A7165-768x514.jpg 768w, https:\/\/somospatrimonio.org\/wp-content\/uploads\/2023\/06\/234A7165-1536x1028.jpg 1536w, https:\/\/somospatrimonio.org\/wp-content\/uploads\/2023\/06\/234A7165-2048x1371.jpg 2048w, https:\/\/somospatrimonio.org\/wp-content\/uploads\/2023\/06\/234A7165-360x240.jpg 360w\" sizes=\"auto, (max-width: 750px) 100vw, 750px\" \/><p id=\"caption-attachment-134\" class=\"wp-caption-text\">Catedral de Santa Cruz de Lorica. Foto: Jaime Correa Narv\u00e1ez<\/p><\/div>\r\n<!-- wp:paragraph -->\r\n<p align=\"justify\">A mediados del siglo pasado, debido a su ubicaci\u00f3n geogr\u00e1fica y su cercan\u00eda al mar, Santa Cruz de Lorica se constituy\u00f3 en un importante puerto regional del antiguo departamento de Bol\u00edvar, situaci\u00f3n que la convirti\u00f3 en lugar de intercambio econ\u00f3mico del sector ganadero y despensa agr\u00edcola de todo el valle del rio Sin\u00fa. Esto gener\u00f3 una gran afluencia de comerciantes turcos, sirios y libaneses, que se instalaron all\u00ed generando un intercambio cultural y la fusi\u00f3n del estilo arquitect\u00f3nico republicano con lo vern\u00e1culo, mud\u00e9jar, andaluz y \u00e1rabe, que en la actualidad a\u00fan se mantiene.<\/p>\r\n<div id=\"attachment_133\" style=\"width: 760px\" class=\"wp-caption aligncenter\"><img loading=\"lazy\" decoding=\"async\" aria-describedby=\"caption-attachment-133\" src=\"http:\/\/somospatrimonio.org\/wp-content\/uploads\/2023\/06\/234A7148-1024x683.jpg\" alt=\"\" width=\"750\" height=\"500\" class=\"wp-image-133 size-large\" srcset=\"https:\/\/somospatrimonio.org\/wp-content\/uploads\/2023\/06\/234A7148-1024x683.jpg 1024w, https:\/\/somospatrimonio.org\/wp-content\/uploads\/2023\/06\/234A7148-300x200.jpg 300w, https:\/\/somospatrimonio.org\/wp-content\/uploads\/2023\/06\/234A7148-768x512.jpg 768w, https:\/\/somospatrimonio.org\/wp-content\/uploads\/2023\/06\/234A7148-1536x1024.jpg 1536w, https:\/\/somospatrimonio.org\/wp-content\/uploads\/2023\/06\/234A7148-2048x1365.jpg 2048w, https:\/\/somospatrimonio.org\/wp-content\/uploads\/2023\/06\/234A7148-360x240.jpg 360w\" sizes=\"auto, (max-width: 750px) 100vw, 750px\" \/><p id=\"caption-attachment-133\" class=\"wp-caption-text\">Vista interior de la catedral de Santa Cuz de Lorica. Foto: Jaime Correa Narv\u00e1ez<\/p><\/div>\r\n<!-- \/wp:paragraph -->\r\n\r\n<!-- wp:paragraph -->\r\n<p align=\"justify\">Santa Cruz de Lorica es una de las 17 poblaciones de Colombia que hace parte de la Red Tur\u00edstica de Pueblos Patrimonio de Colombia (RTPP). Precisamente el municipio de Santa Cruz de Lorica como miembro de esta red, en el a\u00f1o 2016 dise\u00f1\u00f3 un plan estrat\u00e9gico para orientar las alternativas competitivas para el desarrollo tur\u00edstico, espec\u00edficamente en lo cultural, considerando prioritario unir esfuerzos por hacer que esta estrategia nacional tuviera un verdadero impacto en la apropiaci\u00f3n del patrimonio local, su reconocimiento y preservaci\u00f3n.\u00a0<\/p>\r\n<blockquote>\r\n<p align=\"justify\">De acuerdo con el \u00faltimo inventario del Patrimonio Cultural y Sitios Naturales realizado en el a\u00f1o 2016, en el municipio de Santa Cruz de Lorica se ubican 22 Bienes de Inter\u00e9s Cultural (BIC), 35 manifestaciones del Patrimonio Cultural Inmaterial (PCI) y 3 sitios de atractivo tur\u00edstico natural.<\/p>\r\n<\/blockquote>\r\n<!-- \/wp:paragraph -->\r\n\r\n<!-- wp:paragraph -->\r\n<p align=\"justify\">Por otra parte, uno de los principales atractivos es la Catedral de Santa Cruz de Lorica, una imponente iglesia construida a partir del siglo XVII, que se destaca por su fachada de estilo barroco. Adem\u00e1s, el Centro Hist\u00f3rico de la ciudad cuenta con numerosos bienes patrimoniales que invitan a los visitantes a sumergirse en su encanto colonial.<\/p>\r\n<!-- \/wp:paragraph -->\r\n\r\n<!-- wp:paragraph -->\r\n<p align=\"justify\">Su centro hist\u00f3rico, mezcla de estilos republicano y \u00e1rabe, brindan un bello espect\u00e1culo a quienes lo visitan. All\u00ed se pueden encontrar hermosos lugares que transportan al turista al medio oriente, como el Palacio Municipal, la Catedral y el Edificio Afife Matuk.<\/p>\r\n<p align=\"justify\">Otro lugar emblem\u00e1tico de Lorica, a orillas del R\u00edo Sin\u00fa, es su plaza de mercado, tambi\u00e9n llamada el Ranch\u00f3n, que no solo ofrece lo mejor de la gastronom\u00eda local, muy variada por cierto, sino que su belleza arquitect\u00f3nica la llev\u00f3 a ser declarada Monumento Nacional en 1996.<\/p>\r\n<div id=\"attachment_136\" style=\"width: 760px\" class=\"wp-caption aligncenter\"><img loading=\"lazy\" decoding=\"async\" aria-describedby=\"caption-attachment-136\" src=\"http:\/\/somospatrimonio.org\/wp-content\/uploads\/2023\/06\/234A7051-1024x683.jpg\" alt=\"\" width=\"750\" height=\"500\" class=\"wp-image-136 size-large\" srcset=\"https:\/\/somospatrimonio.org\/wp-content\/uploads\/2023\/06\/234A7051-1024x683.jpg 1024w, https:\/\/somospatrimonio.org\/wp-content\/uploads\/2023\/06\/234A7051-300x200.jpg 300w, https:\/\/somospatrimonio.org\/wp-content\/uploads\/2023\/06\/234A7051-768x512.jpg 768w, https:\/\/somospatrimonio.org\/wp-content\/uploads\/2023\/06\/234A7051-1536x1024.jpg 1536w, https:\/\/somospatrimonio.org\/wp-content\/uploads\/2023\/06\/234A7051-2048x1365.jpg 2048w, https:\/\/somospatrimonio.org\/wp-content\/uploads\/2023\/06\/234A7051-360x240.jpg 360w\" sizes=\"auto, (max-width: 750px) 100vw, 750px\" \/><p id=\"caption-attachment-136\" class=\"wp-caption-text\">Mercado p\u00fablico El Ranch\u00f3n. Foto: Jaime Correa Narv\u00e1ez<\/p><\/div>\r\n<!-- \/wp:paragraph -->\r\n\r\n<!-- wp:paragraph -->\r\n<p align=\"justify\">Santa Cruz de Lorica es tambi\u00e9n conocida por su vibrante cultura y tradiciones. Durante todo el a\u00f1o, se celebran festividades populares llenas de m\u00fasica, danzas y coloridos desfiles. Uno de los eventos m\u00e1s destacados es el Festival cultural del sin\u00fa , donde se honra el folclor y la m\u00fasica tradicional de la regi\u00f3n. Los visitantes pueden disfrutar de conciertos, artesanias, desfiles folcl\u00f3ricos,\u00a0 muestras gastron\u00f3micas y actividades culturales que realzan la identidad de la ciudad.<\/p>\r\n<!-- \/wp:paragraph -->\r\n\r\n<!-- wp:paragraph -->\r\n<p>&nbsp;<\/p>\r\n<div id=\"attachment_132\" style=\"width: 760px\" class=\"wp-caption aligncenter\"><img loading=\"lazy\" decoding=\"async\" aria-describedby=\"caption-attachment-132\" src=\"http:\/\/somospatrimonio.org\/wp-content\/uploads\/2023\/06\/234A7025-1024x683.jpg\" alt=\"\" width=\"750\" height=\"500\" class=\"wp-image-132 size-large\" srcset=\"https:\/\/somospatrimonio.org\/wp-content\/uploads\/2023\/06\/234A7025-1024x683.jpg 1024w, https:\/\/somospatrimonio.org\/wp-content\/uploads\/2023\/06\/234A7025-300x200.jpg 300w, https:\/\/somospatrimonio.org\/wp-content\/uploads\/2023\/06\/234A7025-768x512.jpg 768w, https:\/\/somospatrimonio.org\/wp-content\/uploads\/2023\/06\/234A7025-1536x1024.jpg 1536w, https:\/\/somospatrimonio.org\/wp-content\/uploads\/2023\/06\/234A7025-2048x1365.jpg 2048w, https:\/\/somospatrimonio.org\/wp-content\/uploads\/2023\/06\/234A7025-360x240.jpg 360w\" sizes=\"auto, (max-width: 750px) 100vw, 750px\" \/><p id=\"caption-attachment-132\" class=\"wp-caption-text\">Edificio Afife Matuk. Foto: Jaime Correa Narv\u00e1ez<\/p><\/div>\r\n<p align=\"justify\">La hospitalidad de los loriqueros es otro aspecto destacado de Santa Cruz de Lorica. Los visitantes son recibidos con calidez y tienen la oportunidad de conocer la vida cotidiana de la comunidad local. Los artesanos y artistas locales tambi\u00e9n ofrecen productos \u00fanicos, como tejidos y artesan\u00edas, que reflejan la tradici\u00f3n y el talento de la regi\u00f3n.<\/p>\r\n<!-- wp:quote -->\r\n<blockquote class=\"wp-block-quote\"><!-- wp:paragraph -->\r\n<p><br \/>Ven y conoce Lorica, para que disfrutes de sus festividades y su historia. Descubre el encanto de Santa Cruz de Lorica y d\u00e9jate cautivar por su autenticidad y belleza.<\/p>\r\n<p>&nbsp;<\/p>\r\n<!-- \/wp:paragraph --><\/blockquote>\r\n<!-- \/wp:quote -->\r\n<p><strong>Referencias<\/strong><\/p>\r\n<p>R\u00edos, A., Puche,L., Mart\u00ednez, P. (2007). Santa Cruz de Lorica. Siglo XX. Historia visual, Alcald\u00eda de Santa Cruz de Lorica.<\/p>\r\n<p>MinCultura. (2010). Plan Especial de Manejo y Protecci\u00f3n del Centro Hist\u00f3rico de Santa Cruz de Lorica, C\u00f3rdoba\u201d. Consultor\u00eda Ana Mar\u00eda Rojas.<\/p>\r\n<!-- \/wp:paragraph -->","protected":false},"excerpt":{"rendered":"<p>Descubre la riqueza cultural y arquitect\u00f3nica de este encantador destino El municipio de Santa Cruz de Lorica est\u00e1 ubicado al norte del departamento de C\u00f3rdoba, en la zona del bajo Sin\u00fa a menos de 20 kil\u00f3metros de las playas del mar caribe en San Antero y a 60 kil\u00f3metros de [&hellip;]<\/p>\n","protected":false},"author":1,"featured_media":131,"comment_status":"open","ping_status":"open","sticky":false,"template":"","format":"standard","meta":{"om_disable_all_campaigns":false,"footnotes":""},"categories":[1],"tags":[11,7,10,9,8],"class_list":["post-20","post","type-post","status-publish","format-standard","has-post-thumbnail","hentry","category-publicaciones","tag-cultural","tag-lorica","tag-patrimonio","tag-patrimonio-cultural","tag-santa-cruz-de-lorica"],"_links":{"self":[{"href":"https:\/\/somospatrimonio.org\/index.php?rest_route=\/wp\/v2\/posts\/20","targetHints":{"allow":["GET"]}}],"collection":[{"href":"https:\/\/somospatrimonio.org\/index.php?rest_route=\/wp\/v2\/posts"}],"about":[{"href":"https:\/\/somospatrimonio.org\/index.php?rest_route=\/wp\/v2\/types\/post"}],"author":[{"embeddable":true,"href":"https:\/\/somospatrimonio.org\/index.php?rest_route=\/wp\/v2\/users\/1"}],"replies":[{"embeddable":true,"href":"https:\/\/somospatrimonio.org\/index.php?rest_route=%2Fwp%2Fv2%2Fcomments&post=20"}],"version-history":[{"count":15,"href":"https:\/\/somospatrimonio.org\/index.php?rest_route=\/wp\/v2\/posts\/20\/revisions"}],"predecessor-version":[{"id":262,"href":"https:\/\/somospatrimonio.org\/index.php?rest_route=\/wp\/v2\/posts\/20\/revisions\/262"}],"wp:featuredmedia":[{"embeddable":true,"href":"https:\/\/somospatrimonio.org\/index.php?rest_route=\/wp\/v2\/media\/131"}],"wp:attachment":[{"href":"https:\/\/somospatrimonio.org\/index.php?rest_route=%2Fwp%2Fv2%2Fmedia&parent=20"}],"wp:term":[{"taxonomy":"category","embeddable":true,"href":"https:\/\/somospatrimonio.org\/index.php?rest_route=%2Fwp%2Fv2%2Fcategories&post=20"},{"taxonomy":"post_tag","embeddable":true,"href":"https:\/\/somospatrimonio.org\/index.php?rest_route=%2Fwp%2Fv2%2Ftags&post=20"}],"curies":[{"name":"wp","href":"https:\/\/api.w.org\/{rel}","templated":true}]}}