{"id":248,"date":"2023-08-16T06:35:38","date_gmt":"2023-08-16T11:35:38","guid":{"rendered":"https:\/\/somospatrimonio.org\/?p=248"},"modified":"2023-10-05T07:26:18","modified_gmt":"2023-10-05T12:26:18","slug":"santa-cruz-de-lorica-mas-alla-de-los-monumentos","status":"publish","type":"post","link":"https:\/\/somospatrimonio.org\/?p=248","title":{"rendered":"Santa Cruz de Lorica, m\u00e1s all\u00e1 de los monumentos"},"content":{"rendered":"<p>Santa Cruz de Lorica posee una gran variedad de manifestaciones del patrimonio cultural inmaterial que incluyen la m\u00fasica, la danza, las artesan\u00edas, la literatura, las artes pl\u00e1sticas y la tradici\u00f3n oral.<\/p>\n<p>En este video se presenta una parte del potencial cultural de nuestro municipio, el talento de algunos artistas de la regi\u00f3n y el trabajo articulado con las instituciones educativas de los corregimientos del El Carito y Los Monos.<\/p>\n<p><iframe loading=\"lazy\" title=\"Santa Cruz de Lorica, m\u00e1s all\u00e1 de los monumentos\" width=\"750\" height=\"422\" src=\"https:\/\/www.youtube.com\/embed\/RN2FRWHwGew?feature=oembed\" frameborder=\"0\" allow=\"accelerometer; autoplay; clipboard-write; encrypted-media; gyroscope; picture-in-picture; web-share\" allowfullscreen><\/iframe><\/p>\n<p>Los invitamos a seguir conociendo nuestro legado para que entre todos podamos preservar nuestro patrimonio cultural.<\/p>\n<p>#Lorica #patrimoniocultural #patrimoniocultural #Educaci\u00f3nPatrimonial<br \/>\n#heritage #heritageeducation #culturalheritage #colombia #pueblospatrimonio #somospatrimonio<\/p>\n<blockquote><p>Si quieres seguir viendo m\u00e1s contenido como \u00e9ste, visita nuestra p\u00e1gina <strong>www.somospatrimonio.org<\/strong><\/p><\/blockquote>\n<p>&nbsp;<\/p>\n<p><strong>Agradecimientos:<\/strong><\/p>\n<p>Martha P\u00e1ez Madera &#8211; Docente<\/p>\n<p>N\u00e1fer D\u00edaz &#8211; Artista<\/p>\n<p>Bernuil P\u00e9rez &#8211; Artesano<\/p>\n<p>Eimer P\u00e9rez &#8211; Profesor de danza<\/p>\n<p>Instituci\u00f3n Educativa El Carito<\/p>\n<p>Instituci\u00f3n Educativa Jes\u00fas de Nazareth<\/p>\n","protected":false},"excerpt":{"rendered":"<p>Santa Cruz de Lorica posee una gran variedad de manifestaciones del patrimonio cultural inmaterial que incluyen la m\u00fasica, la danza, las artesan\u00edas, la literatura, las artes pl\u00e1sticas y la tradici\u00f3n oral. En este video se presenta una parte del potencial cultural de nuestro municipio, el talento de algunos artistas de [&hellip;]<\/p>\n","protected":false},"author":1,"featured_media":254,"comment_status":"open","ping_status":"open","sticky":false,"template":"","format":"standard","meta":{"om_disable_all_campaigns":false,"footnotes":""},"categories":[1],"tags":[11,7,10,9,8],"class_list":["post-248","post","type-post","status-publish","format-standard","has-post-thumbnail","hentry","category-publicaciones","tag-cultural","tag-lorica","tag-patrimonio","tag-patrimonio-cultural","tag-santa-cruz-de-lorica"],"_links":{"self":[{"href":"https:\/\/somospatrimonio.org\/index.php?rest_route=\/wp\/v2\/posts\/248","targetHints":{"allow":["GET"]}}],"collection":[{"href":"https:\/\/somospatrimonio.org\/index.php?rest_route=\/wp\/v2\/posts"}],"about":[{"href":"https:\/\/somospatrimonio.org\/index.php?rest_route=\/wp\/v2\/types\/post"}],"author":[{"embeddable":true,"href":"https:\/\/somospatrimonio.org\/index.php?rest_route=\/wp\/v2\/users\/1"}],"replies":[{"embeddable":true,"href":"https:\/\/somospatrimonio.org\/index.php?rest_route=%2Fwp%2Fv2%2Fcomments&post=248"}],"version-history":[{"count":3,"href":"https:\/\/somospatrimonio.org\/index.php?rest_route=\/wp\/v2\/posts\/248\/revisions"}],"predecessor-version":[{"id":263,"href":"https:\/\/somospatrimonio.org\/index.php?rest_route=\/wp\/v2\/posts\/248\/revisions\/263"}],"wp:featuredmedia":[{"embeddable":true,"href":"https:\/\/somospatrimonio.org\/index.php?rest_route=\/wp\/v2\/media\/254"}],"wp:attachment":[{"href":"https:\/\/somospatrimonio.org\/index.php?rest_route=%2Fwp%2Fv2%2Fmedia&parent=248"}],"wp:term":[{"taxonomy":"category","embeddable":true,"href":"https:\/\/somospatrimonio.org\/index.php?rest_route=%2Fwp%2Fv2%2Fcategories&post=248"},{"taxonomy":"post_tag","embeddable":true,"href":"https:\/\/somospatrimonio.org\/index.php?rest_route=%2Fwp%2Fv2%2Ftags&post=248"}],"curies":[{"name":"wp","href":"https:\/\/api.w.org\/{rel}","templated":true}]}}