{"id":266,"date":"2023-08-15T08:02:00","date_gmt":"2023-08-15T13:02:00","guid":{"rendered":"https:\/\/somospatrimonio.org\/?p=266"},"modified":"2023-10-05T08:02:39","modified_gmt":"2023-10-05T13:02:39","slug":"los-pequenos-arqueologos-del-lacides-c-bersal","status":"publish","type":"post","link":"https:\/\/somospatrimonio.org\/?p=266","title":{"rendered":"Los peque\u00f1os arque\u00f3logos del L\u00e1cides C Bersal"},"content":{"rendered":"<p>Los peque\u00f1os arque\u00f3logos es un proyecto que se desarrolla en la Instituci\u00f3n Educativa L\u00e1cides C Bersal con un grupo de estudiantes exploradores y aventureros, que se han interesado por conocer y preservar el patrimonio arqueol\u00f3gico cultural y natural de la regi\u00f3n del bajo Sin\u00fa. Bajo el liderazgo del profesor Jos\u00e9 Carmelo Arteaga,\u00a0 este grupo ha recorrido el municipio de Lorica visitando comunidades, atravesando r\u00edos para llegar a los maestros ancestrales que les brinden informaci\u00f3n sobre la\u00a0 historia de su regi\u00f3n, para llevar un registro fotogr\u00e1fico y un inventario del potencial arqueol\u00f3gico de la zona.<\/p>\n<p><img loading=\"lazy\" decoding=\"async\" src=\"http:\/\/somospatrimonio.org\/wp-content\/uploads\/2023\/10\/pequenos_arqueologos2-300x169.png\" alt=\"\" width=\"476\" height=\"268\" class=\" wp-image-268 alignright\" srcset=\"https:\/\/somospatrimonio.org\/wp-content\/uploads\/2023\/10\/pequenos_arqueologos2-300x169.png 300w, https:\/\/somospatrimonio.org\/wp-content\/uploads\/2023\/10\/pequenos_arqueologos2-1024x576.png 1024w, https:\/\/somospatrimonio.org\/wp-content\/uploads\/2023\/10\/pequenos_arqueologos2-768x432.png 768w, https:\/\/somospatrimonio.org\/wp-content\/uploads\/2023\/10\/pequenos_arqueologos2.png 1366w\" sizes=\"auto, (max-width: 476px) 100vw, 476px\" \/>Este proyecto surgi\u00f3 a principios del a\u00f1o 2016 con el apoyo del convenio 572 entre la CUN y la Gobernaci\u00f3n de C\u00f3rdoba para fortalecer las capacidades investigativas y emprendedoras de las instituciones educativas del departamento. De igual forma el proyecto estuvo vinculado al proyecto ONDAS de Colciencias (hoy MinCiencias) y al proyecto Colegios Amigos del Turismo, combinando eficientemente la ciencia y la recreaci\u00f3n haciendo buen uso del tiempo libre.<\/p>\n<p>Este semillero de arqueolog\u00eda tiene como centro de operaciones el legendario pueblo de San Nicol\u00e1s de Bari, en Lorica, C\u00f3rdoba la antigua y se\u00f1orial, este es un lugar arqueol\u00f3gico visitado por Reichel Dolmatof padre de la arqueolog\u00eda colombiana y Orlando Fals Borda pionero de la sociolog\u00eda colombiana. <img loading=\"lazy\" decoding=\"async\" src=\"http:\/\/somospatrimonio.org\/wp-content\/uploads\/2023\/10\/pequenos_arqueologos4-300x169.png\" alt=\"\" width=\"494\" height=\"278\" class=\"wp-image-270 alignleft\" srcset=\"https:\/\/somospatrimonio.org\/wp-content\/uploads\/2023\/10\/pequenos_arqueologos4-300x169.png 300w, https:\/\/somospatrimonio.org\/wp-content\/uploads\/2023\/10\/pequenos_arqueologos4-1024x576.png 1024w, https:\/\/somospatrimonio.org\/wp-content\/uploads\/2023\/10\/pequenos_arqueologos4-768x432.png 768w, https:\/\/somospatrimonio.org\/wp-content\/uploads\/2023\/10\/pequenos_arqueologos4.png 1366w\" sizes=\"auto, (max-width: 494px) 100vw, 494px\" \/><\/p>\n<p>Las oficinas del proyecto est\u00e1n ubicadas en un frondoso \u00e1rbol de higuer\u00f3n compa\u00f1ero de sus innumerables aventuras. Los peque\u00f1os arque\u00f3logos es un incre\u00edble viaje al pasado aborigen del Sin\u00fa que utiliza la arqueolog\u00eda como una herramienta para reconstruir el gran rompecabezas de la historia, ya que cada pieza arqueol\u00f3gica es un libro abierto que nos cuenta sobre las formas de vida de nuestros ancestros.<br \/>\n<img loading=\"lazy\" decoding=\"async\" src=\"http:\/\/somospatrimonio.org\/wp-content\/uploads\/2023\/10\/pequenos_arqueologos3-300x169.png\" alt=\"\" width=\"472\" height=\"266\" class=\"alignright wp-image-269\" srcset=\"https:\/\/somospatrimonio.org\/wp-content\/uploads\/2023\/10\/pequenos_arqueologos3-300x169.png 300w, https:\/\/somospatrimonio.org\/wp-content\/uploads\/2023\/10\/pequenos_arqueologos3-1024x576.png 1024w, https:\/\/somospatrimonio.org\/wp-content\/uploads\/2023\/10\/pequenos_arqueologos3-768x432.png 768w, https:\/\/somospatrimonio.org\/wp-content\/uploads\/2023\/10\/pequenos_arqueologos3.png 1366w\" sizes=\"auto, (max-width: 472px) 100vw, 472px\" \/><br \/>\nPara realizar esta gran aza\u00f1a, el proyecto se apoya de grupos ambientales de las distintas etnias que habitan el territorio y de un l\u00edder ind\u00edgena zen\u00f9 que los acompa\u00f1a en sus expediciones a lo largo y ancho de la regi\u00f3n, vinculando a campesinos y citadinos, ni\u00f1os j\u00f3venes y ancianos en la preservaci\u00f3n del patrimonio arqueol\u00f3gico cultural y natural. El proyecto tambi\u00e9n ha contado con el apoyados del museo de la Universidad del Norte (MAPUKA) que ha sido fundamental en el trabajo que vienen desarrollando brind\u00e1ndoles asesor\u00eda cient\u00edfica y el acompa\u00f1amiento para registrar las piezas arqueol\u00f3gicas encontradas ante el Instituto Colombiano de Antropolog\u00eda e Historia (ICANH).<\/p>\n<p>En sus traves\u00edas los peque\u00f1os arque\u00f3logos visitan museos que les brindan informaci\u00f3n<br \/>\nsobre las distintas etnias que habitaron el caribe colombiano, tambi\u00e9n<br \/>\nparticipan en distintas actividades culturales, ambientales y cient\u00edficas como<br \/>\nferias de la ciencia, encuentros regionales, concursos nacionales e<br \/>\ninternacionales, donde han sido galardonados con distintos reconocimientos.<\/p>\n<p>En la actualidad el profesor Jos\u00e9 Carmelo sigue recorriendo las maravillosas tierras del valle del Sin\u00fa, tras las huellas de los zenues, una cultura anfibia, maestros del oro, la cer\u00e1mica y el tejido; su objetivo es escribir un libro donde puedan narrar sus aventuras.<\/p>\n<p><a href=\"https:\/\/www.youtube.com\/watch?v=4nY0ol0HFGo\">Ver m\u00e1s informaci\u00f3n<\/a>.<\/p>\n<p>&nbsp;<\/p>\n","protected":false},"excerpt":{"rendered":"<p>Los peque\u00f1os arque\u00f3logos es un proyecto que se desarrolla en la Instituci\u00f3n Educativa L\u00e1cides C Bersal con un grupo de estudiantes exploradores y aventureros, que se han interesado por conocer y preservar el patrimonio arqueol\u00f3gico cultural y natural de la regi\u00f3n del bajo Sin\u00fa. Bajo el liderazgo del profesor Jos\u00e9 [&hellip;]<\/p>\n","protected":false},"author":1,"featured_media":267,"comment_status":"open","ping_status":"open","sticky":false,"template":"","format":"standard","meta":{"om_disable_all_campaigns":false,"footnotes":""},"categories":[1],"tags":[12,7,10,9,8],"class_list":["post-266","post","type-post","status-publish","format-standard","has-post-thumbnail","hentry","category-publicaciones","tag-arqueologia","tag-lorica","tag-patrimonio","tag-patrimonio-cultural","tag-santa-cruz-de-lorica"],"_links":{"self":[{"href":"https:\/\/somospatrimonio.org\/index.php?rest_route=\/wp\/v2\/posts\/266","targetHints":{"allow":["GET"]}}],"collection":[{"href":"https:\/\/somospatrimonio.org\/index.php?rest_route=\/wp\/v2\/posts"}],"about":[{"href":"https:\/\/somospatrimonio.org\/index.php?rest_route=\/wp\/v2\/types\/post"}],"author":[{"embeddable":true,"href":"https:\/\/somospatrimonio.org\/index.php?rest_route=\/wp\/v2\/users\/1"}],"replies":[{"embeddable":true,"href":"https:\/\/somospatrimonio.org\/index.php?rest_route=%2Fwp%2Fv2%2Fcomments&post=266"}],"version-history":[{"count":1,"href":"https:\/\/somospatrimonio.org\/index.php?rest_route=\/wp\/v2\/posts\/266\/revisions"}],"predecessor-version":[{"id":271,"href":"https:\/\/somospatrimonio.org\/index.php?rest_route=\/wp\/v2\/posts\/266\/revisions\/271"}],"wp:featuredmedia":[{"embeddable":true,"href":"https:\/\/somospatrimonio.org\/index.php?rest_route=\/wp\/v2\/media\/267"}],"wp:attachment":[{"href":"https:\/\/somospatrimonio.org\/index.php?rest_route=%2Fwp%2Fv2%2Fmedia&parent=266"}],"wp:term":[{"taxonomy":"category","embeddable":true,"href":"https:\/\/somospatrimonio.org\/index.php?rest_route=%2Fwp%2Fv2%2Fcategories&post=266"},{"taxonomy":"post_tag","embeddable":true,"href":"https:\/\/somospatrimonio.org\/index.php?rest_route=%2Fwp%2Fv2%2Ftags&post=266"}],"curies":[{"name":"wp","href":"https:\/\/api.w.org\/{rel}","templated":true}]}}